{"id":13264,"date":"2025-10-08T19:33:49","date_gmt":"2025-10-08T22:33:49","guid":{"rendered":"https:\/\/agromedios.com\/new\/?p=13264"},"modified":"2025-10-08T19:34:01","modified_gmt":"2025-10-08T22:34:01","slug":"autoridades-y-sindicato-analizan-situacion-de-1-300-trabajadores-de-la-industria-carnica-sin-cobertura","status":"publish","type":"post","link":"https:\/\/agromedios.com\/new\/autoridades-y-sindicato-analizan-situacion-de-1-300-trabajadores-de-la-industria-carnica-sin-cobertura\/","title":{"rendered":"Autoridades y sindicato analizan situaci\u00f3n de 1.300 trabajadores de la industria c\u00e1rnica sin cobertura\u00a0"},"content":{"rendered":"\n<p>La Federaci\u00f3n Obrera de la Industria de la Carne y Afines (Foica) se reuni\u00f3 con el ministro de Trabajo y Seguridad Social, Juan Castillo, para abordar la situaci\u00f3n de 1.300 empleados del sector frigor\u00edfico que carecen de cobertura laboral en todo el pa\u00eds. Seg\u00fan inform\u00f3 el dirigente sindical Mart\u00edn Cardozo, tambi\u00e9n se discutieron temas como el laudo del Consejo de Salarios y la exportaci\u00f3n e importaci\u00f3n de ganado en pie.\u00a0Tras el encuentro, Mart\u00edn Cardozo, de la Foica, explic\u00f3 que el sindicato manifest\u00f3 la preocupaci\u00f3n por la alta inestabilidad laboral en la industria. Seg\u00fan el dirigente, de los 30 frigor\u00edficos que operan en Uruguay, solo cinco mantienen una actividad constante durante todo el a\u00f1o.\u00a0<\/p>\n\n\n\n<p>El resto de las plantas industriales recurre al seguro de desempleo de forma intermitente, lo que genera una gran incertidumbre para los trabajadores.&nbsp;<\/p>\n\n\n\n<p>Adem\u00e1s de la cobertura de los trabajadores, las partes conversaron sobre el laudo del Consejo de Salarios, un punto crucial para la mejora de las condiciones econ\u00f3micas del sector. Asimismo, se puso sobre la mesa la pol\u00edtica de exportaci\u00f3n e importaci\u00f3n de ganado en pie, un asunto que impacta directamente en la carga de trabajo y estabilidad de las plantas frigor\u00edficas.<\/p>\n","protected":false},"excerpt":{"rendered":"<p>La Federaci\u00f3n Obrera de la Industria de la Carne y Afines (Foica) se reuni\u00f3 con el ministro de Trabajo y Seguridad Social, Juan Castillo, para abordar la situaci\u00f3n de 1.300 empleados del sector frigor\u00edfico que carecen de cobertura laboral en todo el pa\u00eds. Seg\u00fan inform\u00f3 el dirigente sindical Mart\u00edn Cardozo, tambi\u00e9n se discutieron temas como [&hellip;]<\/p>\n","protected":false},"author":2,"featured_media":13265,"comment_status":"closed","ping_status":"open","sticky":false,"template":"","format":"standard","meta":{"_eb_attr":"","ocean_post_layout":"","ocean_both_sidebars_style":"","ocean_both_sidebars_content_width":0,"ocean_both_sidebars_sidebars_width":0,"ocean_sidebar":"","ocean_second_sidebar":"","ocean_disable_margins":"enable","ocean_add_body_class":"","ocean_shortcode_before_top_bar":"","ocean_shortcode_after_top_bar":"","ocean_shortcode_before_header":"","ocean_shortcode_after_header":"","ocean_has_shortcode":"","ocean_shortcode_after_title":"","ocean_shortcode_before_footer_widgets":"","ocean_shortcode_after_footer_widgets":"","ocean_shortcode_before_footer_bottom":"","ocean_shortcode_after_footer_bottom":"","ocean_display_top_bar":"default","ocean_display_header":"default","ocean_header_style":"","ocean_center_header_left_menu":"","ocean_custom_header_template":"","ocean_custom_logo":0,"ocean_custom_retina_logo":0,"ocean_custom_logo_max_width":0,"ocean_custom_logo_tablet_max_width":0,"ocean_custom_logo_mobile_max_width":0,"ocean_custom_logo_max_height":0,"ocean_custom_logo_tablet_max_height":0,"ocean_custom_logo_mobile_max_height":0,"ocean_header_custom_menu":"","ocean_menu_typo_font_family":"","ocean_menu_typo_font_subset":"","ocean_menu_typo_font_size":0,"ocean_menu_typo_font_size_tablet":0,"ocean_menu_typo_font_size_mobile":0,"ocean_menu_typo_font_size_unit":"px","ocean_menu_typo_font_weight":"","ocean_menu_typo_font_weight_tablet":"","ocean_menu_typo_font_weight_mobile":"","ocean_menu_typo_transform":"","ocean_menu_typo_transform_tablet":"","ocean_menu_typo_transform_mobile":"","ocean_menu_typo_line_height":0,"ocean_menu_typo_line_height_tablet":0,"ocean_menu_typo_line_height_mobile":0,"ocean_menu_typo_line_height_unit":"","ocean_menu_typo_spacing":0,"ocean_menu_typo_spacing_tablet":0,"ocean_menu_typo_spacing_mobile":0,"ocean_menu_typo_spacing_unit":"","ocean_menu_link_color":"","ocean_menu_link_color_hover":"","ocean_menu_link_color_active":"","ocean_menu_link_background":"","ocean_menu_link_hover_background":"","ocean_menu_link_active_background":"","ocean_menu_social_links_bg":"","ocean_menu_social_hover_links_bg":"","ocean_menu_social_links_color":"","ocean_menu_social_hover_links_color":"","ocean_disable_title":"default","ocean_disable_heading":"default","ocean_post_title":"","ocean_post_subheading":"","ocean_post_title_style":"","ocean_post_title_background_color":"","ocean_post_title_background":0,"ocean_post_title_bg_image_position":"","ocean_post_title_bg_image_attachment":"","ocean_post_title_bg_image_repeat":"","ocean_post_title_bg_image_size":"","ocean_post_title_height":0,"ocean_post_title_bg_overlay":0.5,"ocean_post_title_bg_overlay_color":"","ocean_disable_breadcrumbs":"default","ocean_breadcrumbs_color":"","ocean_breadcrumbs_separator_color":"","ocean_breadcrumbs_links_color":"","ocean_breadcrumbs_links_hover_color":"","ocean_display_footer_widgets":"default","ocean_display_footer_bottom":"default","ocean_custom_footer_template":"","ocean_post_oembed":"","ocean_post_self_hosted_media":"","ocean_post_video_embed":"","ocean_link_format":"","ocean_link_format_target":"self","ocean_quote_format":"","ocean_quote_format_link":"post","ocean_gallery_link_images":"on","ocean_gallery_id":[],"footnotes":""},"categories":[3],"tags":[49],"class_list":["post-13264","post","type-post","status-publish","format-standard","has-post-thumbnail","hentry","category-eventos","tag-e","entry","has-media"],"featured_image_urls":{"full":["https:\/\/agromedios.com\/new\/wp-content\/uploads\/2025\/10\/Orsi_Foica.jpeg",1600,1066,false],"thumbnail":["https:\/\/agromedios.com\/new\/wp-content\/uploads\/2025\/10\/Orsi_Foica-150x150.jpeg",150,150,true],"medium":["https:\/\/agromedios.com\/new\/wp-content\/uploads\/2025\/10\/Orsi_Foica-300x200.jpeg",300,200,true],"medium_large":["https:\/\/agromedios.com\/new\/wp-content\/uploads\/2025\/10\/Orsi_Foica-768x512.jpeg",768,512,true],"large":["https:\/\/agromedios.com\/new\/wp-content\/uploads\/2025\/10\/Orsi_Foica-1024x682.jpeg",1024,682,true],"1536x1536":["https:\/\/agromedios.com\/new\/wp-content\/uploads\/2025\/10\/Orsi_Foica-1536x1023.jpeg",1536,1023,true],"2048x2048":["https:\/\/agromedios.com\/new\/wp-content\/uploads\/2025\/10\/Orsi_Foica.jpeg",1600,1066,false],"ocean-thumb-m":["https:\/\/agromedios.com\/new\/wp-content\/uploads\/2025\/10\/Orsi_Foica-600x600.jpeg",600,600,true],"ocean-thumb-ml":["https:\/\/agromedios.com\/new\/wp-content\/uploads\/2025\/10\/Orsi_Foica-800x450.jpeg",800,450,true],"ocean-thumb-l":["https:\/\/agromedios.com\/new\/wp-content\/uploads\/2025\/10\/Orsi_Foica-1200x700.jpeg",1200,700,true]},"author_info":{"info":["Agromedios"]},"category_info":"<a href=\"https:\/\/agromedios.com\/new\/category\/eventos\/\" rel=\"category tag\">Eventos<\/a>","tag_info":"Eventos","comment_count":"0","_links":{"self":[{"href":"https:\/\/agromedios.com\/new\/wp-json\/wp\/v2\/posts\/13264","targetHints":{"allow":["GET"]}}],"collection":[{"href":"https:\/\/agromedios.com\/new\/wp-json\/wp\/v2\/posts"}],"about":[{"href":"https:\/\/agromedios.com\/new\/wp-json\/wp\/v2\/types\/post"}],"author":[{"embeddable":true,"href":"https:\/\/agromedios.com\/new\/wp-json\/wp\/v2\/users\/2"}],"replies":[{"embeddable":true,"href":"https:\/\/agromedios.com\/new\/wp-json\/wp\/v2\/comments?post=13264"}],"version-history":[{"count":1,"href":"https:\/\/agromedios.com\/new\/wp-json\/wp\/v2\/posts\/13264\/revisions"}],"predecessor-version":[{"id":13267,"href":"https:\/\/agromedios.com\/new\/wp-json\/wp\/v2\/posts\/13264\/revisions\/13267"}],"wp:featuredmedia":[{"embeddable":true,"href":"https:\/\/agromedios.com\/new\/wp-json\/wp\/v2\/media\/13265"}],"wp:attachment":[{"href":"https:\/\/agromedios.com\/new\/wp-json\/wp\/v2\/media?parent=13264"}],"wp:term":[{"taxonomy":"category","embeddable":true,"href":"https:\/\/agromedios.com\/new\/wp-json\/wp\/v2\/categories?post=13264"},{"taxonomy":"post_tag","embeddable":true,"href":"https:\/\/agromedios.com\/new\/wp-json\/wp\/v2\/tags?post=13264"}],"curies":[{"name":"wp","href":"https:\/\/api.w.org\/{rel}","templated":true}]}}