{"id":16029,"date":"2026-03-11T21:09:08","date_gmt":"2026-03-12T00:09:08","guid":{"rendered":"https:\/\/agromedios.com\/new\/?p=16029"},"modified":"2026-03-11T21:10:24","modified_gmt":"2026-03-12T00:10:24","slug":"el-gobierno-anuncia-oxigeno-financiero-para-el-campo","status":"publish","type":"post","link":"https:\/\/agromedios.com\/new\/el-gobierno-anuncia-oxigeno-financiero-para-el-campo\/","title":{"rendered":"El gobierno anuncia \u00abox\u00edgeno\u00bb financiero para el campo"},"content":{"rendered":"\n<figure class=\"wp-block-audio\"><audio controls src=\"https:\/\/agromedios.com\/new\/wp-content\/uploads\/2026\/03\/Alfredo-Fratti-11-3-26-1.mp3\"><\/audio><\/figure>\n\n\n\n<h2 class=\"wp-block-heading\"><\/h2>\n\n\n\n<p>En un esfuerzo por mitigar el impacto de la sequ\u00eda que golpea principalmente al sur y este del pa\u00eds, el Ministro de Ganader\u00eda, Agricultura y Pesca, <strong>Alfredo Fratti<\/strong>, confirm\u00f3 la ampliaci\u00f3n del paquete de asistencia financiera y operativa para los productores rurales.<\/p>\n\n\n\n<p>Bajo la premisa de otorgar \u00abaire\u00bb a las empresas familiares y medianas, el secretario de Estado destac\u00f3 que la emergencia ya no solo es clim\u00e1tica, sino que requiere una respuesta financiera estructural para evitar el corte de la cadena de pagos.<\/p>\n\n\n\n<p>El plan articulado entre el MGAP, el Ministerio de Econom\u00eda y el Banco Central (BCU) incluye los siguientes ejes principales:<\/p>\n\n\n\n<p>Se oficializ\u00f3 la <strong>pr\u00f3rroga de los vencimientos<\/strong> de las obligaciones del primer cuatrimestre de 2026 ante el BPS para contribuyentes rurales en los departamentos m\u00e1s afectados (Montevideo, Canelones, Colonia, Florida, Lavalleja, Maldonado, Rocha y San Jos\u00e9).<\/p>\n\n\n\n<p>En un acuerdo clave con el MEF, la comisi\u00f3n del Sistema Nacional de Garant\u00edas (SIGA) para micro y peque\u00f1as empresas se redujo dr\u00e1sticamente del <strong>3% al 0,6% anual<\/strong>, facilitando el acceso a cr\u00e9ditos sin que el costo del aval sea una barrera.<\/p>\n\n\n\n<p>El Banco Central emiti\u00f3 una disposici\u00f3n transitoria que permite a los bancos y cooperativas de ahorro <strong>reperfilar las deudas<\/strong> de los sectores productivos alcanzados por la emergencia sin que esto afecte su calificaci\u00f3n crediticia, permitiendo plazos de gracia m\u00e1s extensos.<\/p>\n","protected":false},"excerpt":{"rendered":"<p>En un esfuerzo por mitigar el impacto de la sequ\u00eda que golpea principalmente al sur y este del pa\u00eds, el Ministro de Ganader\u00eda, Agricultura y Pesca, Alfredo Fratti, confirm\u00f3 la ampliaci\u00f3n del paquete de asistencia financiera y operativa para los productores rurales. Bajo la premisa de otorgar \u00abaire\u00bb a las empresas familiares y medianas, el [&hellip;]<\/p>\n","protected":false},"author":2,"featured_media":16031,"comment_status":"closed","ping_status":"open","sticky":false,"template":"","format":"standard","meta":{"_eb_attr":"","ocean_post_layout":"","ocean_both_sidebars_style":"","ocean_both_sidebars_content_width":0,"ocean_both_sidebars_sidebars_width":0,"ocean_sidebar":"","ocean_second_sidebar":"","ocean_disable_margins":"enable","ocean_add_body_class":"","ocean_shortcode_before_top_bar":"","ocean_shortcode_after_top_bar":"","ocean_shortcode_before_header":"","ocean_shortcode_after_header":"","ocean_has_shortcode":"","ocean_shortcode_after_title":"","ocean_shortcode_before_footer_widgets":"","ocean_shortcode_after_footer_widgets":"","ocean_shortcode_before_footer_bottom":"","ocean_shortcode_after_footer_bottom":"","ocean_display_top_bar":"default","ocean_display_header":"default","ocean_header_style":"","ocean_center_header_left_menu":"","ocean_custom_header_template":"","ocean_custom_logo":0,"ocean_custom_retina_logo":0,"ocean_custom_logo_max_width":0,"ocean_custom_logo_tablet_max_width":0,"ocean_custom_logo_mobile_max_width":0,"ocean_custom_logo_max_height":0,"ocean_custom_logo_tablet_max_height":0,"ocean_custom_logo_mobile_max_height":0,"ocean_header_custom_menu":"","ocean_menu_typo_font_family":"","ocean_menu_typo_font_subset":"","ocean_menu_typo_font_size":0,"ocean_menu_typo_font_size_tablet":0,"ocean_menu_typo_font_size_mobile":0,"ocean_menu_typo_font_size_unit":"px","ocean_menu_typo_font_weight":"","ocean_menu_typo_font_weight_tablet":"","ocean_menu_typo_font_weight_mobile":"","ocean_menu_typo_transform":"","ocean_menu_typo_transform_tablet":"","ocean_menu_typo_transform_mobile":"","ocean_menu_typo_line_height":0,"ocean_menu_typo_line_height_tablet":0,"ocean_menu_typo_line_height_mobile":0,"ocean_menu_typo_line_height_unit":"","ocean_menu_typo_spacing":0,"ocean_menu_typo_spacing_tablet":0,"ocean_menu_typo_spacing_mobile":0,"ocean_menu_typo_spacing_unit":"","ocean_menu_link_color":"","ocean_menu_link_color_hover":"","ocean_menu_link_color_active":"","ocean_menu_link_background":"","ocean_menu_link_hover_background":"","ocean_menu_link_active_background":"","ocean_menu_social_links_bg":"","ocean_menu_social_hover_links_bg":"","ocean_menu_social_links_color":"","ocean_menu_social_hover_links_color":"","ocean_disable_title":"default","ocean_disable_heading":"default","ocean_post_title":"","ocean_post_subheading":"","ocean_post_title_style":"","ocean_post_title_background_color":"","ocean_post_title_background":0,"ocean_post_title_bg_image_position":"","ocean_post_title_bg_image_attachment":"","ocean_post_title_bg_image_repeat":"","ocean_post_title_bg_image_size":"","ocean_post_title_height":0,"ocean_post_title_bg_overlay":0.5,"ocean_post_title_bg_overlay_color":"","ocean_disable_breadcrumbs":"default","ocean_breadcrumbs_color":"","ocean_breadcrumbs_separator_color":"","ocean_breadcrumbs_links_color":"","ocean_breadcrumbs_links_hover_color":"","ocean_display_footer_widgets":"default","ocean_display_footer_bottom":"default","ocean_custom_footer_template":"","ocean_post_oembed":"","ocean_post_self_hosted_media":"","ocean_post_video_embed":"","ocean_link_format":"","ocean_link_format_target":"self","ocean_quote_format":"","ocean_quote_format_link":"post","ocean_gallery_link_images":"on","ocean_gallery_id":[],"footnotes":""},"categories":[1],"tags":[49],"class_list":["post-16029","post","type-post","status-publish","format-standard","has-post-thumbnail","hentry","category-general","tag-e","entry","has-media"],"featured_image_urls":{"full":["https:\/\/agromedios.com\/new\/wp-content\/uploads\/2026\/03\/fratti-sequia-reunion.webp",1200,788,false],"thumbnail":["https:\/\/agromedios.com\/new\/wp-content\/uploads\/2026\/03\/fratti-sequia-reunion-150x150.webp",150,150,true],"medium":["https:\/\/agromedios.com\/new\/wp-content\/uploads\/2026\/03\/fratti-sequia-reunion-300x197.webp",300,197,true],"medium_large":["https:\/\/agromedios.com\/new\/wp-content\/uploads\/2026\/03\/fratti-sequia-reunion-768x504.webp",768,504,true],"large":["https:\/\/agromedios.com\/new\/wp-content\/uploads\/2026\/03\/fratti-sequia-reunion-1024x672.webp",1024,672,true],"1536x1536":["https:\/\/agromedios.com\/new\/wp-content\/uploads\/2026\/03\/fratti-sequia-reunion.webp",1200,788,false],"2048x2048":["https:\/\/agromedios.com\/new\/wp-content\/uploads\/2026\/03\/fratti-sequia-reunion.webp",1200,788,false],"ocean-thumb-m":["https:\/\/agromedios.com\/new\/wp-content\/uploads\/2026\/03\/fratti-sequia-reunion-600x600.webp",600,600,true],"ocean-thumb-ml":["https:\/\/agromedios.com\/new\/wp-content\/uploads\/2026\/03\/fratti-sequia-reunion-800x450.webp",800,450,true],"ocean-thumb-l":["https:\/\/agromedios.com\/new\/wp-content\/uploads\/2026\/03\/fratti-sequia-reunion-1200x700.webp",1200,700,true]},"author_info":{"info":["Agromedios"]},"category_info":"<a href=\"https:\/\/agromedios.com\/new\/category\/general\/\" rel=\"category tag\">General<\/a>","tag_info":"General","comment_count":"0","_links":{"self":[{"href":"https:\/\/agromedios.com\/new\/wp-json\/wp\/v2\/posts\/16029","targetHints":{"allow":["GET"]}}],"collection":[{"href":"https:\/\/agromedios.com\/new\/wp-json\/wp\/v2\/posts"}],"about":[{"href":"https:\/\/agromedios.com\/new\/wp-json\/wp\/v2\/types\/post"}],"author":[{"embeddable":true,"href":"https:\/\/agromedios.com\/new\/wp-json\/wp\/v2\/users\/2"}],"replies":[{"embeddable":true,"href":"https:\/\/agromedios.com\/new\/wp-json\/wp\/v2\/comments?post=16029"}],"version-history":[{"count":1,"href":"https:\/\/agromedios.com\/new\/wp-json\/wp\/v2\/posts\/16029\/revisions"}],"predecessor-version":[{"id":16032,"href":"https:\/\/agromedios.com\/new\/wp-json\/wp\/v2\/posts\/16029\/revisions\/16032"}],"wp:featuredmedia":[{"embeddable":true,"href":"https:\/\/agromedios.com\/new\/wp-json\/wp\/v2\/media\/16031"}],"wp:attachment":[{"href":"https:\/\/agromedios.com\/new\/wp-json\/wp\/v2\/media?parent=16029"}],"wp:term":[{"taxonomy":"category","embeddable":true,"href":"https:\/\/agromedios.com\/new\/wp-json\/wp\/v2\/categories?post=16029"},{"taxonomy":"post_tag","embeddable":true,"href":"https:\/\/agromedios.com\/new\/wp-json\/wp\/v2\/tags?post=16029"}],"curies":[{"name":"wp","href":"https:\/\/api.w.org\/{rel}","templated":true}]}}