{"id":16883,"date":"2026-04-28T08:31:52","date_gmt":"2026-04-28T11:31:52","guid":{"rendered":"https:\/\/agromedios.com\/new\/?p=16883"},"modified":"2026-04-28T08:33:48","modified_gmt":"2026-04-28T11:33:48","slug":"angus-hace-su-gira-anual-en-junio-en-un-departamento-de-adn-ganadero","status":"publish","type":"post","link":"https:\/\/agromedios.com\/new\/angus-hace-su-gira-anual-en-junio-en-un-departamento-de-adn-ganadero\/","title":{"rendered":"Angus hace su gira anual en junio en un departamento de \u00abADN\u00bb ganadero"},"content":{"rendered":"\n<figure class=\"wp-block-audio\"><audio controls src=\"https:\/\/agromedios.com\/new\/wp-content\/uploads\/2026\/04\/Diaz-Nadal.mp3\"><\/audio><\/figure>\n\n\n\n<p>La Sociedad de Criadores de Aberdeen Angus  (SCAAU) confirm\u00f3 que su tradicional\u00a0<strong>Gira de Oto\u00f1o<\/strong>\u00a0desembarcar\u00e1 en el departamento de\u00a0<strong>Cerro Largo<\/strong>\u00a0durante el mes de junio. Este evento marcar\u00e1 el debut oficial en las pistas de campo para\u00a0<strong>\u00c1lvaro D\u00edaz Nadal<\/strong>, quien asumi\u00f3 recientemente la presidencia de la gremial con el objetivo de consolidar el liderazgo de la raza en el stock nacional.<\/p>\n\n\n\n<p>D\u00edaz Nadal destac\u00f3 la relevancia de volver a un departamento con una \u00abtradici\u00f3n ganadera riqu\u00edsima\u00bb y una fuerte apuesta por la gen\u00e9tica Angus. La gira busca mostrar el desempe\u00f1o de la raza en sistemas productivos reales, combinando cr\u00eda en campos naturales y planteos de invernada intensiva.<\/p>\n\n\n\n<p>Los puntos centrales adelantados por el nuevo presidente incluyen:<\/p>\n\n\n\n<ul class=\"wp-block-list\">\n<li><strong>Recorrida de establecimientos:<\/strong>\u00a0Se visitar\u00e1n caba\u00f1as y estancias comerciales referentes de la zona para observar la adaptaci\u00f3n del biotipo Angus al suelo arach\u00e1n.<\/li>\n\n\n\n<li><strong>Foco en la eficiencia:<\/strong>\u00a0El \u00e9nfasis estar\u00e1 puesto en la fertilidad de los rodeos y la precocidad de los terneros.<\/li>\n\n\n\n<li><strong>Intercambio t\u00e9cnico:<\/strong>\u00a0Charlas de primera mano entre productores y el equipo t\u00e9cnico de la sociedad sobre datos de EPD y selecci\u00f3n gen\u00f3mica.<\/li>\n<\/ul>\n","protected":false},"excerpt":{"rendered":"<p>La Sociedad de Criadores de Aberdeen Angus (SCAAU) confirm\u00f3 que su tradicional\u00a0Gira de Oto\u00f1o\u00a0desembarcar\u00e1 en el departamento de\u00a0Cerro Largo\u00a0durante el mes de junio. Este evento marcar\u00e1 el debut oficial en las pistas de campo para\u00a0\u00c1lvaro D\u00edaz Nadal, quien asumi\u00f3 recientemente la presidencia de la gremial con el objetivo de consolidar el liderazgo de la raza [&hellip;]<\/p>\n","protected":false},"author":2,"featured_media":16884,"comment_status":"closed","ping_status":"open","sticky":false,"template":"","format":"standard","meta":{"_eb_attr":"","ocean_post_layout":"","ocean_both_sidebars_style":"","ocean_both_sidebars_content_width":0,"ocean_both_sidebars_sidebars_width":0,"ocean_sidebar":"","ocean_second_sidebar":"","ocean_disable_margins":"enable","ocean_add_body_class":"","ocean_shortcode_before_top_bar":"","ocean_shortcode_after_top_bar":"","ocean_shortcode_before_header":"","ocean_shortcode_after_header":"","ocean_has_shortcode":"","ocean_shortcode_after_title":"","ocean_shortcode_before_footer_widgets":"","ocean_shortcode_after_footer_widgets":"","ocean_shortcode_before_footer_bottom":"","ocean_shortcode_after_footer_bottom":"","ocean_display_top_bar":"default","ocean_display_header":"default","ocean_header_style":"","ocean_center_header_left_menu":"","ocean_custom_header_template":"","ocean_custom_logo":0,"ocean_custom_retina_logo":0,"ocean_custom_logo_max_width":0,"ocean_custom_logo_tablet_max_width":0,"ocean_custom_logo_mobile_max_width":0,"ocean_custom_logo_max_height":0,"ocean_custom_logo_tablet_max_height":0,"ocean_custom_logo_mobile_max_height":0,"ocean_header_custom_menu":"","ocean_menu_typo_font_family":"","ocean_menu_typo_font_subset":"","ocean_menu_typo_font_size":0,"ocean_menu_typo_font_size_tablet":0,"ocean_menu_typo_font_size_mobile":0,"ocean_menu_typo_font_size_unit":"px","ocean_menu_typo_font_weight":"","ocean_menu_typo_font_weight_tablet":"","ocean_menu_typo_font_weight_mobile":"","ocean_menu_typo_transform":"","ocean_menu_typo_transform_tablet":"","ocean_menu_typo_transform_mobile":"","ocean_menu_typo_line_height":0,"ocean_menu_typo_line_height_tablet":0,"ocean_menu_typo_line_height_mobile":0,"ocean_menu_typo_line_height_unit":"","ocean_menu_typo_spacing":0,"ocean_menu_typo_spacing_tablet":0,"ocean_menu_typo_spacing_mobile":0,"ocean_menu_typo_spacing_unit":"","ocean_menu_link_color":"","ocean_menu_link_color_hover":"","ocean_menu_link_color_active":"","ocean_menu_link_background":"","ocean_menu_link_hover_background":"","ocean_menu_link_active_background":"","ocean_menu_social_links_bg":"","ocean_menu_social_hover_links_bg":"","ocean_menu_social_links_color":"","ocean_menu_social_hover_links_color":"","ocean_disable_title":"default","ocean_disable_heading":"default","ocean_post_title":"","ocean_post_subheading":"","ocean_post_title_style":"","ocean_post_title_background_color":"","ocean_post_title_background":0,"ocean_post_title_bg_image_position":"","ocean_post_title_bg_image_attachment":"","ocean_post_title_bg_image_repeat":"","ocean_post_title_bg_image_size":"","ocean_post_title_height":0,"ocean_post_title_bg_overlay":0.5,"ocean_post_title_bg_overlay_color":"","ocean_disable_breadcrumbs":"default","ocean_breadcrumbs_color":"","ocean_breadcrumbs_separator_color":"","ocean_breadcrumbs_links_color":"","ocean_breadcrumbs_links_hover_color":"","ocean_display_footer_widgets":"default","ocean_display_footer_bottom":"default","ocean_custom_footer_template":"","ocean_post_oembed":"","ocean_post_self_hosted_media":"","ocean_post_video_embed":"","ocean_link_format":"","ocean_link_format_target":"self","ocean_quote_format":"","ocean_quote_format_link":"post","ocean_gallery_link_images":"on","ocean_gallery_id":[],"footnotes":""},"categories":[6],"tags":[46],"class_list":["post-16883","post","type-post","status-publish","format-standard","has-post-thumbnail","hentry","category-informacion","tag-b","entry","has-media"],"featured_image_urls":{"full":["https:\/\/agromedios.com\/new\/wp-content\/uploads\/2026\/04\/Experiencia-Carne-Angus-junto-a-Alejandro-Acland-scaled-1.jpg",2560,1707,false],"thumbnail":["https:\/\/agromedios.com\/new\/wp-content\/uploads\/2026\/04\/Experiencia-Carne-Angus-junto-a-Alejandro-Acland-scaled-1-150x150.jpg",150,150,true],"medium":["https:\/\/agromedios.com\/new\/wp-content\/uploads\/2026\/04\/Experiencia-Carne-Angus-junto-a-Alejandro-Acland-scaled-1-300x200.jpg",300,200,true],"medium_large":["https:\/\/agromedios.com\/new\/wp-content\/uploads\/2026\/04\/Experiencia-Carne-Angus-junto-a-Alejandro-Acland-scaled-1-768x512.jpg",768,512,true],"large":["https:\/\/agromedios.com\/new\/wp-content\/uploads\/2026\/04\/Experiencia-Carne-Angus-junto-a-Alejandro-Acland-scaled-1-1024x683.jpg",1024,683,true],"1536x1536":["https:\/\/agromedios.com\/new\/wp-content\/uploads\/2026\/04\/Experiencia-Carne-Angus-junto-a-Alejandro-Acland-scaled-1-1536x1024.jpg",1536,1024,true],"2048x2048":["https:\/\/agromedios.com\/new\/wp-content\/uploads\/2026\/04\/Experiencia-Carne-Angus-junto-a-Alejandro-Acland-scaled-1-2048x1366.jpg",2048,1366,true],"ocean-thumb-m":["https:\/\/agromedios.com\/new\/wp-content\/uploads\/2026\/04\/Experiencia-Carne-Angus-junto-a-Alejandro-Acland-scaled-1-600x600.jpg",600,600,true],"ocean-thumb-ml":["https:\/\/agromedios.com\/new\/wp-content\/uploads\/2026\/04\/Experiencia-Carne-Angus-junto-a-Alejandro-Acland-scaled-1-800x450.jpg",800,450,true],"ocean-thumb-l":["https:\/\/agromedios.com\/new\/wp-content\/uploads\/2026\/04\/Experiencia-Carne-Angus-junto-a-Alejandro-Acland-scaled-1-1200x700.jpg",1200,700,true]},"author_info":{"info":["Agromedios"]},"category_info":"<a href=\"https:\/\/agromedios.com\/new\/category\/informacion\/\" rel=\"category tag\">Informaci\u00f3n<\/a>","tag_info":"Informaci\u00f3n","comment_count":"0","_links":{"self":[{"href":"https:\/\/agromedios.com\/new\/wp-json\/wp\/v2\/posts\/16883","targetHints":{"allow":["GET"]}}],"collection":[{"href":"https:\/\/agromedios.com\/new\/wp-json\/wp\/v2\/posts"}],"about":[{"href":"https:\/\/agromedios.com\/new\/wp-json\/wp\/v2\/types\/post"}],"author":[{"embeddable":true,"href":"https:\/\/agromedios.com\/new\/wp-json\/wp\/v2\/users\/2"}],"replies":[{"embeddable":true,"href":"https:\/\/agromedios.com\/new\/wp-json\/wp\/v2\/comments?post=16883"}],"version-history":[{"count":1,"href":"https:\/\/agromedios.com\/new\/wp-json\/wp\/v2\/posts\/16883\/revisions"}],"predecessor-version":[{"id":16886,"href":"https:\/\/agromedios.com\/new\/wp-json\/wp\/v2\/posts\/16883\/revisions\/16886"}],"wp:featuredmedia":[{"embeddable":true,"href":"https:\/\/agromedios.com\/new\/wp-json\/wp\/v2\/media\/16884"}],"wp:attachment":[{"href":"https:\/\/agromedios.com\/new\/wp-json\/wp\/v2\/media?parent=16883"}],"wp:term":[{"taxonomy":"category","embeddable":true,"href":"https:\/\/agromedios.com\/new\/wp-json\/wp\/v2\/categories?post=16883"},{"taxonomy":"post_tag","embeddable":true,"href":"https:\/\/agromedios.com\/new\/wp-json\/wp\/v2\/tags?post=16883"}],"curies":[{"name":"wp","href":"https:\/\/api.w.org\/{rel}","templated":true}]}}