{"id":16892,"date":"2026-04-28T08:42:59","date_gmt":"2026-04-28T11:42:59","guid":{"rendered":"https:\/\/agromedios.com\/new\/?p=16892"},"modified":"2026-04-28T08:44:55","modified_gmt":"2026-04-28T11:44:55","slug":"movilidad-electrica-las-ventas-en-la-region-crecieron-un-55-interanual-con-uruguay-y-costa-rica-a-la-vanguardia","status":"publish","type":"post","link":"https:\/\/agromedios.com\/new\/movilidad-electrica-las-ventas-en-la-region-crecieron-un-55-interanual-con-uruguay-y-costa-rica-a-la-vanguardia\/","title":{"rendered":"Movilidad el\u00e9ctrica: las ventas en la regi\u00f3n crecieron un 55 % interanual, con Uruguay y Costa Rica a la vanguardia"},"content":{"rendered":"\n<p>El sector de la movilidad el\u00e9ctrica en Am\u00e9rica Latina atraviesa un momento de expansi\u00f3n hist\u00f3rica. Seg\u00fan el \u00faltimo reporte del sector, las ventas de veh\u00edculos el\u00e9ctricos aumentaron un 55 % interanual durante el tercer trimestre del a\u00f1o. En este escenario, Uruguay se ha posicionado como el l\u00edder indiscutido de la regi\u00f3n con una penetraci\u00f3n de mercado del 27,97 %, seguido por Costa Rica, que alcanza el 16,26 %.<\/p>\n\n\n\n<p>La brecha tecnol\u00f3gica en el continente es evidente: la cuota de mercado de estos dos pa\u00edses es 100 veces superior a la de naciones m\u00e1s rezagadas, como Argentina y El Salvador. No obstante, si se analiza el volumen total de unidades vendidas, las potencias regionales Brasil y M\u00e9xico contin\u00faan liderando por tama\u00f1o de mercado, seguidas por Colombia, Uruguay y Costa Rica.<\/p>\n\n\n\n<p>Cifras de SEG Ingenier\u00eda, basadas en datos de la Asociaci\u00f3n del Comercio Automotor del Uruguay (ACAU), confirman la aceleraci\u00f3n de esta tendencia en el mercado local. Durante el tercer trimestre de 2025, uno de cada cuatro veh\u00edculos livianos comercializados en Uruguay fue 100 % el\u00e9ctrico.<\/p>\n\n\n\n<p>Este volumen de ventas triplica los registros del mismo periodo en 2024. El crecimiento ya se anticipaba desde la primera mitad del a\u00f1o, cuando se vendieron cinco mil unidades, lo que represent\u00f3 un incremento del 124 % en comparaci\u00f3n con el primer semestre del a\u00f1o anterior.<\/p>\n","protected":false},"excerpt":{"rendered":"<p>El sector de la movilidad el\u00e9ctrica en Am\u00e9rica Latina atraviesa un momento de expansi\u00f3n hist\u00f3rica. Seg\u00fan el \u00faltimo reporte del sector, las ventas de veh\u00edculos el\u00e9ctricos aumentaron un 55 % interanual durante el tercer trimestre del a\u00f1o. En este escenario, Uruguay se ha posicionado como el l\u00edder indiscutido de la regi\u00f3n con una penetraci\u00f3n de [&hellip;]<\/p>\n","protected":false},"author":2,"featured_media":16893,"comment_status":"closed","ping_status":"open","sticky":false,"template":"","format":"standard","meta":{"_eb_attr":"","ocean_post_layout":"","ocean_both_sidebars_style":"","ocean_both_sidebars_content_width":0,"ocean_both_sidebars_sidebars_width":0,"ocean_sidebar":"","ocean_second_sidebar":"","ocean_disable_margins":"enable","ocean_add_body_class":"","ocean_shortcode_before_top_bar":"","ocean_shortcode_after_top_bar":"","ocean_shortcode_before_header":"","ocean_shortcode_after_header":"","ocean_has_shortcode":"","ocean_shortcode_after_title":"","ocean_shortcode_before_footer_widgets":"","ocean_shortcode_after_footer_widgets":"","ocean_shortcode_before_footer_bottom":"","ocean_shortcode_after_footer_bottom":"","ocean_display_top_bar":"default","ocean_display_header":"default","ocean_header_style":"","ocean_center_header_left_menu":"","ocean_custom_header_template":"","ocean_custom_logo":0,"ocean_custom_retina_logo":0,"ocean_custom_logo_max_width":0,"ocean_custom_logo_tablet_max_width":0,"ocean_custom_logo_mobile_max_width":0,"ocean_custom_logo_max_height":0,"ocean_custom_logo_tablet_max_height":0,"ocean_custom_logo_mobile_max_height":0,"ocean_header_custom_menu":"","ocean_menu_typo_font_family":"","ocean_menu_typo_font_subset":"","ocean_menu_typo_font_size":0,"ocean_menu_typo_font_size_tablet":0,"ocean_menu_typo_font_size_mobile":0,"ocean_menu_typo_font_size_unit":"px","ocean_menu_typo_font_weight":"","ocean_menu_typo_font_weight_tablet":"","ocean_menu_typo_font_weight_mobile":"","ocean_menu_typo_transform":"","ocean_menu_typo_transform_tablet":"","ocean_menu_typo_transform_mobile":"","ocean_menu_typo_line_height":0,"ocean_menu_typo_line_height_tablet":0,"ocean_menu_typo_line_height_mobile":0,"ocean_menu_typo_line_height_unit":"","ocean_menu_typo_spacing":0,"ocean_menu_typo_spacing_tablet":0,"ocean_menu_typo_spacing_mobile":0,"ocean_menu_typo_spacing_unit":"","ocean_menu_link_color":"","ocean_menu_link_color_hover":"","ocean_menu_link_color_active":"","ocean_menu_link_background":"","ocean_menu_link_hover_background":"","ocean_menu_link_active_background":"","ocean_menu_social_links_bg":"","ocean_menu_social_hover_links_bg":"","ocean_menu_social_links_color":"","ocean_menu_social_hover_links_color":"","ocean_disable_title":"default","ocean_disable_heading":"default","ocean_post_title":"","ocean_post_subheading":"","ocean_post_title_style":"","ocean_post_title_background_color":"","ocean_post_title_background":0,"ocean_post_title_bg_image_position":"","ocean_post_title_bg_image_attachment":"","ocean_post_title_bg_image_repeat":"","ocean_post_title_bg_image_size":"","ocean_post_title_height":0,"ocean_post_title_bg_overlay":0.5,"ocean_post_title_bg_overlay_color":"","ocean_disable_breadcrumbs":"default","ocean_breadcrumbs_color":"","ocean_breadcrumbs_separator_color":"","ocean_breadcrumbs_links_color":"","ocean_breadcrumbs_links_hover_color":"","ocean_display_footer_widgets":"default","ocean_display_footer_bottom":"default","ocean_custom_footer_template":"","ocean_post_oembed":"","ocean_post_self_hosted_media":"","ocean_post_video_embed":"","ocean_link_format":"","ocean_link_format_target":"self","ocean_quote_format":"","ocean_quote_format_link":"post","ocean_gallery_link_images":"on","ocean_gallery_id":[],"footnotes":""},"categories":[6],"tags":[],"class_list":["post-16892","post","type-post","status-publish","format-standard","has-post-thumbnail","hentry","category-informacion","entry","has-media"],"featured_image_urls":{"full":["https:\/\/agromedios.com\/new\/wp-content\/uploads\/2026\/04\/uruguay-estacion-electrica-ancap-1.jpg",1024,575,false],"thumbnail":["https:\/\/agromedios.com\/new\/wp-content\/uploads\/2026\/04\/uruguay-estacion-electrica-ancap-1-150x150.jpg",150,150,true],"medium":["https:\/\/agromedios.com\/new\/wp-content\/uploads\/2026\/04\/uruguay-estacion-electrica-ancap-1-300x168.jpg",300,168,true],"medium_large":["https:\/\/agromedios.com\/new\/wp-content\/uploads\/2026\/04\/uruguay-estacion-electrica-ancap-1-768x431.jpg",768,431,true],"large":["https:\/\/agromedios.com\/new\/wp-content\/uploads\/2026\/04\/uruguay-estacion-electrica-ancap-1.jpg",1024,575,false],"1536x1536":["https:\/\/agromedios.com\/new\/wp-content\/uploads\/2026\/04\/uruguay-estacion-electrica-ancap-1.jpg",1024,575,false],"2048x2048":["https:\/\/agromedios.com\/new\/wp-content\/uploads\/2026\/04\/uruguay-estacion-electrica-ancap-1.jpg",1024,575,false],"ocean-thumb-m":["https:\/\/agromedios.com\/new\/wp-content\/uploads\/2026\/04\/uruguay-estacion-electrica-ancap-1-600x575.jpg",600,575,true],"ocean-thumb-ml":["https:\/\/agromedios.com\/new\/wp-content\/uploads\/2026\/04\/uruguay-estacion-electrica-ancap-1-800x450.jpg",800,450,true],"ocean-thumb-l":["https:\/\/agromedios.com\/new\/wp-content\/uploads\/2026\/04\/uruguay-estacion-electrica-ancap-1.jpg",1024,575,false]},"author_info":{"info":["Agromedios"]},"category_info":"<a href=\"https:\/\/agromedios.com\/new\/category\/informacion\/\" rel=\"category tag\">Informaci\u00f3n<\/a>","tag_info":"Informaci\u00f3n","comment_count":"0","_links":{"self":[{"href":"https:\/\/agromedios.com\/new\/wp-json\/wp\/v2\/posts\/16892","targetHints":{"allow":["GET"]}}],"collection":[{"href":"https:\/\/agromedios.com\/new\/wp-json\/wp\/v2\/posts"}],"about":[{"href":"https:\/\/agromedios.com\/new\/wp-json\/wp\/v2\/types\/post"}],"author":[{"embeddable":true,"href":"https:\/\/agromedios.com\/new\/wp-json\/wp\/v2\/users\/2"}],"replies":[{"embeddable":true,"href":"https:\/\/agromedios.com\/new\/wp-json\/wp\/v2\/comments?post=16892"}],"version-history":[{"count":1,"href":"https:\/\/agromedios.com\/new\/wp-json\/wp\/v2\/posts\/16892\/revisions"}],"predecessor-version":[{"id":16894,"href":"https:\/\/agromedios.com\/new\/wp-json\/wp\/v2\/posts\/16892\/revisions\/16894"}],"wp:featuredmedia":[{"embeddable":true,"href":"https:\/\/agromedios.com\/new\/wp-json\/wp\/v2\/media\/16893"}],"wp:attachment":[{"href":"https:\/\/agromedios.com\/new\/wp-json\/wp\/v2\/media?parent=16892"}],"wp:term":[{"taxonomy":"category","embeddable":true,"href":"https:\/\/agromedios.com\/new\/wp-json\/wp\/v2\/categories?post=16892"},{"taxonomy":"post_tag","embeddable":true,"href":"https:\/\/agromedios.com\/new\/wp-json\/wp\/v2\/tags?post=16892"}],"curies":[{"name":"wp","href":"https:\/\/api.w.org\/{rel}","templated":true}]}}