{"id":16940,"date":"2026-04-30T20:02:57","date_gmt":"2026-04-30T23:02:57","guid":{"rendered":"https:\/\/agromedios.com\/new\/?p=16940"},"modified":"2026-04-30T20:04:20","modified_gmt":"2026-04-30T23:04:20","slug":"las-tarifas-del-gas-oil-y-la-nafta-suben-pero-por-debajo-de-la-referencia-de-paridad-de-importacion","status":"publish","type":"post","link":"https:\/\/agromedios.com\/new\/las-tarifas-del-gas-oil-y-la-nafta-suben-pero-por-debajo-de-la-referencia-de-paridad-de-importacion\/","title":{"rendered":"Las tarifas del gas oil y la nafta suben pero por debajo de la referencia de paridad de importaci\u00f3n"},"content":{"rendered":"\n<p><\/p>\n\n\n\n<p><strong>A trav\u00e9s de un comunicado conjunto, los ministerios de Econom\u00eda e Industria anunciaron los nuevos valores que regir\u00e1n a partir de mayo. Si bien los precios de paridad de importaci\u00f3n (PPI) suger\u00edan aumentos de hasta el 46%, el Ejecutivo decidi\u00f3 aplicar subas menores.<\/strong><\/p>\n\n\n\n<p>Este jueves 30 de abril, el Gobierno Nacional defini\u00f3 los precios de venta al p\u00fablico de los principales combustibles. Seg\u00fan el informe de la <strong>Unidad Reguladora de Servicios de Energ\u00eda y Agua (URSEA)<\/strong>, la brecha de precios con el mercado internacional exig\u00eda un ajuste de doble d\u00edgito. Sin embargo, se opt\u00f3 por una correcci\u00f3n moderada para proteger el bolsillo de los ciudadanos y la competitividad de las empresas.<\/p>\n\n\n\n<p>El ajuste real aplicado por el Ejecutivo se sit\u00faa significativamente por debajo de lo que marcaba el <strong>Precio de Paridad de Importaci\u00f3n (PPI)<\/strong>. <\/p>\n\n\n\n<figure class=\"wp-block-image size-large\"><img fetchpriority=\"high\" decoding=\"async\" width=\"1024\" height=\"358\" src=\"https:\/\/agromedios.com\/new\/wp-content\/uploads\/2026\/04\/Captura-de-pantalla-2026-04-30-a-las-8.00.05-p.-m-1024x358.png\" alt=\"\" class=\"wp-image-16943\" srcset=\"https:\/\/agromedios.com\/new\/wp-content\/uploads\/2026\/04\/Captura-de-pantalla-2026-04-30-a-las-8.00.05-p.-m-1024x358.png 1024w, https:\/\/agromedios.com\/new\/wp-content\/uploads\/2026\/04\/Captura-de-pantalla-2026-04-30-a-las-8.00.05-p.-m-300x105.png 300w, https:\/\/agromedios.com\/new\/wp-content\/uploads\/2026\/04\/Captura-de-pantalla-2026-04-30-a-las-8.00.05-p.-m-768x268.png 768w, https:\/\/agromedios.com\/new\/wp-content\/uploads\/2026\/04\/Captura-de-pantalla-2026-04-30-a-las-8.00.05-p.-m.png 1333w\" sizes=\"(max-width: 1024px) 100vw, 1024px\" \/><\/figure>\n","protected":false},"excerpt":{"rendered":"<p>A trav\u00e9s de un comunicado conjunto, los ministerios de Econom\u00eda e Industria anunciaron los nuevos valores que regir\u00e1n a partir de mayo. Si bien los precios de paridad de importaci\u00f3n (PPI) suger\u00edan aumentos de hasta el 46%, el Ejecutivo decidi\u00f3 aplicar subas menores. Este jueves 30 de abril, el Gobierno Nacional defini\u00f3 los precios de [&hellip;]<\/p>\n","protected":false},"author":2,"featured_media":16942,"comment_status":"closed","ping_status":"open","sticky":false,"template":"","format":"standard","meta":{"_eb_attr":"","ocean_post_layout":"","ocean_both_sidebars_style":"","ocean_both_sidebars_content_width":0,"ocean_both_sidebars_sidebars_width":0,"ocean_sidebar":"","ocean_second_sidebar":"","ocean_disable_margins":"enable","ocean_add_body_class":"","ocean_shortcode_before_top_bar":"","ocean_shortcode_after_top_bar":"","ocean_shortcode_before_header":"","ocean_shortcode_after_header":"","ocean_has_shortcode":"","ocean_shortcode_after_title":"","ocean_shortcode_before_footer_widgets":"","ocean_shortcode_after_footer_widgets":"","ocean_shortcode_before_footer_bottom":"","ocean_shortcode_after_footer_bottom":"","ocean_display_top_bar":"default","ocean_display_header":"default","ocean_header_style":"","ocean_center_header_left_menu":"","ocean_custom_header_template":"","ocean_custom_logo":0,"ocean_custom_retina_logo":0,"ocean_custom_logo_max_width":0,"ocean_custom_logo_tablet_max_width":0,"ocean_custom_logo_mobile_max_width":0,"ocean_custom_logo_max_height":0,"ocean_custom_logo_tablet_max_height":0,"ocean_custom_logo_mobile_max_height":0,"ocean_header_custom_menu":"","ocean_menu_typo_font_family":"","ocean_menu_typo_font_subset":"","ocean_menu_typo_font_size":0,"ocean_menu_typo_font_size_tablet":0,"ocean_menu_typo_font_size_mobile":0,"ocean_menu_typo_font_size_unit":"px","ocean_menu_typo_font_weight":"","ocean_menu_typo_font_weight_tablet":"","ocean_menu_typo_font_weight_mobile":"","ocean_menu_typo_transform":"","ocean_menu_typo_transform_tablet":"","ocean_menu_typo_transform_mobile":"","ocean_menu_typo_line_height":0,"ocean_menu_typo_line_height_tablet":0,"ocean_menu_typo_line_height_mobile":0,"ocean_menu_typo_line_height_unit":"","ocean_menu_typo_spacing":0,"ocean_menu_typo_spacing_tablet":0,"ocean_menu_typo_spacing_mobile":0,"ocean_menu_typo_spacing_unit":"","ocean_menu_link_color":"","ocean_menu_link_color_hover":"","ocean_menu_link_color_active":"","ocean_menu_link_background":"","ocean_menu_link_hover_background":"","ocean_menu_link_active_background":"","ocean_menu_social_links_bg":"","ocean_menu_social_hover_links_bg":"","ocean_menu_social_links_color":"","ocean_menu_social_hover_links_color":"","ocean_disable_title":"default","ocean_disable_heading":"default","ocean_post_title":"","ocean_post_subheading":"","ocean_post_title_style":"","ocean_post_title_background_color":"","ocean_post_title_background":0,"ocean_post_title_bg_image_position":"","ocean_post_title_bg_image_attachment":"","ocean_post_title_bg_image_repeat":"","ocean_post_title_bg_image_size":"","ocean_post_title_height":0,"ocean_post_title_bg_overlay":0.5,"ocean_post_title_bg_overlay_color":"","ocean_disable_breadcrumbs":"default","ocean_breadcrumbs_color":"","ocean_breadcrumbs_separator_color":"","ocean_breadcrumbs_links_color":"","ocean_breadcrumbs_links_hover_color":"","ocean_display_footer_widgets":"default","ocean_display_footer_bottom":"default","ocean_custom_footer_template":"","ocean_post_oembed":"","ocean_post_self_hosted_media":"","ocean_post_video_embed":"","ocean_link_format":"","ocean_link_format_target":"self","ocean_quote_format":"","ocean_quote_format_link":"post","ocean_gallery_link_images":"on","ocean_gallery_id":[],"footnotes":""},"categories":[8],"tags":[46],"class_list":["post-16940","post","type-post","status-publish","format-standard","has-post-thumbnail","hentry","category-economia","tag-b","entry","has-media"],"featured_image_urls":{"full":["https:\/\/agromedios.com\/new\/wp-content\/uploads\/2026\/04\/El-conflicto-de-Medio-Oriente-obliga-a-Uruguay-a-reforzar-el-control-sobre-el-gasoil.webp",750,420,false],"thumbnail":["https:\/\/agromedios.com\/new\/wp-content\/uploads\/2026\/04\/El-conflicto-de-Medio-Oriente-obliga-a-Uruguay-a-reforzar-el-control-sobre-el-gasoil-150x150.webp",150,150,true],"medium":["https:\/\/agromedios.com\/new\/wp-content\/uploads\/2026\/04\/El-conflicto-de-Medio-Oriente-obliga-a-Uruguay-a-reforzar-el-control-sobre-el-gasoil-300x168.webp",300,168,true],"medium_large":["https:\/\/agromedios.com\/new\/wp-content\/uploads\/2026\/04\/El-conflicto-de-Medio-Oriente-obliga-a-Uruguay-a-reforzar-el-control-sobre-el-gasoil.webp",750,420,false],"large":["https:\/\/agromedios.com\/new\/wp-content\/uploads\/2026\/04\/El-conflicto-de-Medio-Oriente-obliga-a-Uruguay-a-reforzar-el-control-sobre-el-gasoil.webp",750,420,false],"1536x1536":["https:\/\/agromedios.com\/new\/wp-content\/uploads\/2026\/04\/El-conflicto-de-Medio-Oriente-obliga-a-Uruguay-a-reforzar-el-control-sobre-el-gasoil.webp",750,420,false],"2048x2048":["https:\/\/agromedios.com\/new\/wp-content\/uploads\/2026\/04\/El-conflicto-de-Medio-Oriente-obliga-a-Uruguay-a-reforzar-el-control-sobre-el-gasoil.webp",750,420,false],"ocean-thumb-m":["https:\/\/agromedios.com\/new\/wp-content\/uploads\/2026\/04\/El-conflicto-de-Medio-Oriente-obliga-a-Uruguay-a-reforzar-el-control-sobre-el-gasoil-600x420.webp",600,420,true],"ocean-thumb-ml":["https:\/\/agromedios.com\/new\/wp-content\/uploads\/2026\/04\/El-conflicto-de-Medio-Oriente-obliga-a-Uruguay-a-reforzar-el-control-sobre-el-gasoil.webp",750,420,false],"ocean-thumb-l":["https:\/\/agromedios.com\/new\/wp-content\/uploads\/2026\/04\/El-conflicto-de-Medio-Oriente-obliga-a-Uruguay-a-reforzar-el-control-sobre-el-gasoil.webp",750,420,false]},"author_info":{"info":["Agromedios"]},"category_info":"<a href=\"https:\/\/agromedios.com\/new\/category\/economia\/\" rel=\"category tag\">Econom\u00eda<\/a>","tag_info":"Econom\u00eda","comment_count":"0","_links":{"self":[{"href":"https:\/\/agromedios.com\/new\/wp-json\/wp\/v2\/posts\/16940","targetHints":{"allow":["GET"]}}],"collection":[{"href":"https:\/\/agromedios.com\/new\/wp-json\/wp\/v2\/posts"}],"about":[{"href":"https:\/\/agromedios.com\/new\/wp-json\/wp\/v2\/types\/post"}],"author":[{"embeddable":true,"href":"https:\/\/agromedios.com\/new\/wp-json\/wp\/v2\/users\/2"}],"replies":[{"embeddable":true,"href":"https:\/\/agromedios.com\/new\/wp-json\/wp\/v2\/comments?post=16940"}],"version-history":[{"count":1,"href":"https:\/\/agromedios.com\/new\/wp-json\/wp\/v2\/posts\/16940\/revisions"}],"predecessor-version":[{"id":16944,"href":"https:\/\/agromedios.com\/new\/wp-json\/wp\/v2\/posts\/16940\/revisions\/16944"}],"wp:featuredmedia":[{"embeddable":true,"href":"https:\/\/agromedios.com\/new\/wp-json\/wp\/v2\/media\/16942"}],"wp:attachment":[{"href":"https:\/\/agromedios.com\/new\/wp-json\/wp\/v2\/media?parent=16940"}],"wp:term":[{"taxonomy":"category","embeddable":true,"href":"https:\/\/agromedios.com\/new\/wp-json\/wp\/v2\/categories?post=16940"},{"taxonomy":"post_tag","embeddable":true,"href":"https:\/\/agromedios.com\/new\/wp-json\/wp\/v2\/tags?post=16940"}],"curies":[{"name":"wp","href":"https:\/\/api.w.org\/{rel}","templated":true}]}}