{"id":18905,"date":"2026-09-01T08:52:56","date_gmt":"2026-09-01T11:52:56","guid":{"rendered":"https:\/\/agromedios.com\/new\/?p=18905"},"modified":"2026-09-01T08:54:51","modified_gmt":"2026-09-01T11:54:51","slug":"la-union-europea-suspende-la-importacion-de-carne-vacuna-y-de-ave-procedente-de-brasil-por-incumplimiento-de-normas-sanitarias","status":"publish","type":"post","link":"https:\/\/agromedios.com\/new\/la-union-europea-suspende-la-importacion-de-carne-vacuna-y-de-ave-procedente-de-brasil-por-incumplimiento-de-normas-sanitarias\/","title":{"rendered":"La Uni\u00f3n Europea suspende la importaci\u00f3n de carne vacuna y de ave procedente de Brasil por incumplimiento de normas sanitarias"},"content":{"rendered":"\n<p class=\"wp-block-paragraph\"><\/p>\n\n\n\n<p class=\"has-medium-font-size wp-block-paragraph\">La Comisi\u00f3n Europea anunci\u00f3 este lunes la suspensi\u00f3n de todas las importaciones de carne de vacuno y de aves de corral procedentes de Brasil. La medida entrar\u00e1 en vigor a partir de este jueves 3 de septiembre y se mantendr\u00e1 hasta que el pa\u00eds sudamericano garantice el cumplimiento estricto de los est\u00e1ndares sanitarios exigidos por el bloque comunitario.<\/p>\n\n\n\n<p class=\"has-medium-font-size wp-block-paragraph\">El trasfondo de esta decisi\u00f3n se remonta al pasado mes de mayo, cuando la UE retir\u00f3 a Brasil de la lista de pa\u00edses autorizados que cumplen con las regulaciones comunitarias sobre el uso intensivo de antibi\u00f3ticos en la ganader\u00eda. Esta medida se produjo en un contexto de creciente presi\u00f3n por parte del sector agr\u00edcola europeo, tras la firma del acuerdo de libre comercio entre la UE y el Mercosur.<\/p>\n\n\n\n<p class=\"has-medium-font-size wp-block-paragraph\">Seg\u00fan el Ejecutivo europeo, las autoridades brasile\u00f1as no han presentado hasta el momento las garant\u00edas ni la documentaci\u00f3n suficiente para certificar que sus exportaciones cumplen con la normativa del bloque en materia de salud animal y seguridad alimentaria.<\/p>\n\n\n\n<p class=\"has-medium-font-size wp-block-paragraph\">Pese al bloqueo comercial, desde Bruselas enfatizan la voluntad de mantener abierto el di\u00e1logo. \u00abBrasil es un socio importante de la UE y estamos trabajando en estrecha colaboraci\u00f3n para garantizar que cumplan con estos requisitos. Una vez que se demuestre dicho cumplimiento, podr\u00e1n reanudarse las exportaciones a la UE\u00bb.<\/p>\n","protected":false},"excerpt":{"rendered":"<p>La Comisi\u00f3n Europea anunci\u00f3 este lunes la suspensi\u00f3n de todas las importaciones de carne de vacuno y de aves de corral procedentes de Brasil. La medida entrar\u00e1 en vigor a partir de este jueves 3 de septiembre y se mantendr\u00e1 hasta que el pa\u00eds sudamericano garantice el cumplimiento estricto de los est\u00e1ndares sanitarios exigidos por [&hellip;]<\/p>\n","protected":false},"author":2,"featured_media":18906,"comment_status":"closed","ping_status":"open","sticky":false,"template":"","format":"standard","meta":{"_eb_attr":"","ocean_front_end_style_editor":"no","ocean_post_layout":"","ocean_both_sidebars_style":"","ocean_both_sidebars_content_width":0,"ocean_both_sidebars_sidebars_width":0,"ocean_sidebar":"","ocean_second_sidebar":"","ocean_disable_margins":"enable","ocean_add_body_class":"","ocean_shortcode_before_top_bar":"","ocean_shortcode_after_top_bar":"","ocean_shortcode_before_header":"","ocean_shortcode_after_header":"","ocean_has_shortcode":"","ocean_shortcode_after_title":"","ocean_shortcode_before_footer_widgets":"","ocean_shortcode_after_footer_widgets":"","ocean_shortcode_before_footer_bottom":"","ocean_shortcode_after_footer_bottom":"","ocean_display_top_bar":"default","ocean_display_header":"default","ocean_header_style":"","ocean_center_header_left_menu":"","ocean_custom_header_template":"","ocean_custom_logo":0,"ocean_custom_retina_logo":0,"ocean_custom_logo_max_width":0,"ocean_custom_logo_tablet_max_width":0,"ocean_custom_logo_mobile_max_width":0,"ocean_custom_logo_max_height":0,"ocean_custom_logo_tablet_max_height":0,"ocean_custom_logo_mobile_max_height":0,"ocean_header_custom_menu":"","ocean_menu_typo_font_family":"","ocean_menu_typo_font_subset":"","ocean_menu_typo_font_size":0,"ocean_menu_typo_font_size_tablet":0,"ocean_menu_typo_font_size_mobile":0,"ocean_menu_typo_font_size_unit":"px","ocean_menu_typo_font_weight":"","ocean_menu_typo_font_weight_tablet":"","ocean_menu_typo_font_weight_mobile":"","ocean_menu_typo_transform":"","ocean_menu_typo_transform_tablet":"","ocean_menu_typo_transform_mobile":"","ocean_menu_typo_line_height":0,"ocean_menu_typo_line_height_tablet":0,"ocean_menu_typo_line_height_mobile":0,"ocean_menu_typo_line_height_unit":"","ocean_menu_typo_spacing":0,"ocean_menu_typo_spacing_tablet":0,"ocean_menu_typo_spacing_mobile":0,"ocean_menu_typo_spacing_unit":"","ocean_menu_link_color":"","ocean_menu_link_color_hover":"","ocean_menu_link_color_active":"","ocean_menu_link_background":"","ocean_menu_link_hover_background":"","ocean_menu_link_active_background":"","ocean_menu_social_links_bg":"","ocean_menu_social_hover_links_bg":"","ocean_menu_social_links_color":"","ocean_menu_social_hover_links_color":"","ocean_disable_title":"default","ocean_disable_heading":"default","ocean_post_title":"","ocean_post_subheading":"","ocean_post_title_style":"","ocean_post_title_background_color":"","ocean_post_title_background":0,"ocean_post_title_bg_image_position":"","ocean_post_title_bg_image_attachment":"","ocean_post_title_bg_image_repeat":"","ocean_post_title_bg_image_size":"","ocean_post_title_height":0,"ocean_post_title_bg_overlay":0.5,"ocean_post_title_bg_overlay_color":"","ocean_disable_breadcrumbs":"default","ocean_breadcrumbs_color":"","ocean_breadcrumbs_separator_color":"","ocean_breadcrumbs_links_color":"","ocean_breadcrumbs_links_hover_color":"","ocean_display_footer_widgets":"default","ocean_display_footer_bottom":"default","ocean_custom_footer_template":"","ocean_post_oembed":"","ocean_post_self_hosted_media":"","ocean_post_video_embed":"","ocean_link_format":"","ocean_link_format_target":"self","ocean_quote_format":"","ocean_quote_format_link":"post","ocean_gallery_link_images":"on","ocean_gallery_id":[],"footnotes":""},"categories":[6],"tags":[45],"class_list":["post-18905","post","type-post","status-publish","format-standard","has-post-thumbnail","hentry","category-informacion","tag-a","entry","has-media"],"featured_image_urls":{"full":["https:\/\/agromedios.com\/new\/wp-content\/uploads\/2026\/09\/Brasil-debe-probar-que-no-usa-antibioticos-para-poder-exportar-carne-a-la-UE.webp",900,592,false],"thumbnail":["https:\/\/agromedios.com\/new\/wp-content\/uploads\/2026\/09\/Brasil-debe-probar-que-no-usa-antibioticos-para-poder-exportar-carne-a-la-UE-150x150.webp",150,150,true],"medium":["https:\/\/agromedios.com\/new\/wp-content\/uploads\/2026\/09\/Brasil-debe-probar-que-no-usa-antibioticos-para-poder-exportar-carne-a-la-UE-300x197.webp",300,197,true],"medium_large":["https:\/\/agromedios.com\/new\/wp-content\/uploads\/2026\/09\/Brasil-debe-probar-que-no-usa-antibioticos-para-poder-exportar-carne-a-la-UE-768x505.webp",768,505,true],"large":["https:\/\/agromedios.com\/new\/wp-content\/uploads\/2026\/09\/Brasil-debe-probar-que-no-usa-antibioticos-para-poder-exportar-carne-a-la-UE.webp",900,592,false],"1536x1536":["https:\/\/agromedios.com\/new\/wp-content\/uploads\/2026\/09\/Brasil-debe-probar-que-no-usa-antibioticos-para-poder-exportar-carne-a-la-UE.webp",900,592,false],"2048x2048":["https:\/\/agromedios.com\/new\/wp-content\/uploads\/2026\/09\/Brasil-debe-probar-que-no-usa-antibioticos-para-poder-exportar-carne-a-la-UE.webp",900,592,false],"ocean-thumb-m":["https:\/\/agromedios.com\/new\/wp-content\/uploads\/2026\/09\/Brasil-debe-probar-que-no-usa-antibioticos-para-poder-exportar-carne-a-la-UE-600x592.webp",600,592,true],"ocean-thumb-ml":["https:\/\/agromedios.com\/new\/wp-content\/uploads\/2026\/09\/Brasil-debe-probar-que-no-usa-antibioticos-para-poder-exportar-carne-a-la-UE-800x450.webp",800,450,true],"ocean-thumb-l":["https:\/\/agromedios.com\/new\/wp-content\/uploads\/2026\/09\/Brasil-debe-probar-que-no-usa-antibioticos-para-poder-exportar-carne-a-la-UE.webp",900,592,false]},"author_info":{"info":["Agromedios"]},"category_info":"<a href=\"https:\/\/agromedios.com\/new\/category\/informacion\/\" rel=\"category tag\">Informaci\u00f3n<\/a>","tag_info":"Informaci\u00f3n","comment_count":"0","_links":{"self":[{"href":"https:\/\/agromedios.com\/new\/wp-json\/wp\/v2\/posts\/18905","targetHints":{"allow":["GET"]}}],"collection":[{"href":"https:\/\/agromedios.com\/new\/wp-json\/wp\/v2\/posts"}],"about":[{"href":"https:\/\/agromedios.com\/new\/wp-json\/wp\/v2\/types\/post"}],"author":[{"embeddable":true,"href":"https:\/\/agromedios.com\/new\/wp-json\/wp\/v2\/users\/2"}],"replies":[{"embeddable":true,"href":"https:\/\/agromedios.com\/new\/wp-json\/wp\/v2\/comments?post=18905"}],"version-history":[{"count":1,"href":"https:\/\/agromedios.com\/new\/wp-json\/wp\/v2\/posts\/18905\/revisions"}],"predecessor-version":[{"id":18907,"href":"https:\/\/agromedios.com\/new\/wp-json\/wp\/v2\/posts\/18905\/revisions\/18907"}],"wp:featuredmedia":[{"embeddable":true,"href":"https:\/\/agromedios.com\/new\/wp-json\/wp\/v2\/media\/18906"}],"wp:attachment":[{"href":"https:\/\/agromedios.com\/new\/wp-json\/wp\/v2\/media?parent=18905"}],"wp:term":[{"taxonomy":"category","embeddable":true,"href":"https:\/\/agromedios.com\/new\/wp-json\/wp\/v2\/categories?post=18905"},{"taxonomy":"post_tag","embeddable":true,"href":"https:\/\/agromedios.com\/new\/wp-json\/wp\/v2\/tags?post=18905"}],"curies":[{"name":"wp","href":"https:\/\/api.w.org\/{rel}","templated":true}]}}