{"id":18918,"date":"2026-09-01T21:34:24","date_gmt":"2026-09-02T00:34:24","guid":{"rendered":"https:\/\/agromedios.com\/new\/?p=18918"},"modified":"2026-09-01T21:36:42","modified_gmt":"2026-09-02T00:36:42","slug":"el-tablero-mundial-de-la-carne-la-ue-frena-a-brasil-ee-uu-absorbe-oferta-y-asia-crece-en-su-demanda","status":"publish","type":"post","link":"https:\/\/agromedios.com\/new\/el-tablero-mundial-de-la-carne-la-ue-frena-a-brasil-ee-uu-absorbe-oferta-y-asia-crece-en-su-demanda\/","title":{"rendered":"El tablero mundial de la carne: la UE frena a Brasil, EE. UU. absorbe oferta y Asia crece en su demanda"},"content":{"rendered":"\n<figure class=\"wp-block-audio\"><audio controls src=\"https:\/\/agromedios.com\/new\/wp-content\/uploads\/2026\/09\/Jesus-Cruz.mp3\" autoplay><\/audio><\/figure>\n\n\n\n<p class=\"has-medium-font-size wp-block-paragraph\"><strong>En di\u00e1logo con Leonardo Bolla para Radio Rural, Jes\u00fas Cruz, director de la revista especializada <em>Eurocarne<\/em>, analiz\u00f3 las profundas reconfiguraciones en el comercio internacional de prote\u00edna vacuna y el impacto de estas din\u00e1micas en los pa\u00edses proveedores del Cono Sur.<\/strong><\/p>\n\n\n\n<p class=\"has-medium-font-size wp-block-paragraph\">Uno de los puntos centrales expuestos por el analista espa\u00f1ol es el endurecimiento de las normativas de la Uni\u00f3n Europea (UE). A trav\u00e9s de exigencias sanitarias m\u00e1s severas y exigentes regulaciones sobre la trazabilidad y la deforestaci\u00f3n ambiental, el bloque comunitario ha limitado significativamente la entrada de carne bovina proveniente de Brasil.<\/p>\n\n\n\n<p class=\"has-medium-font-size wp-block-paragraph\">Esta exclusi\u00f3n de vol\u00famenes brasile\u00f1os del circuito europeo genera un \u00abefecto domin\u00f3\u00bb: la potencia c\u00e1rnica sudamericana se ve obligada a reorientar masivamente sus saldos exportables hacia otros destinos, alterando la competencia en terceros mercados.<\/p>\n\n\n\n<p class=\"has-medium-font-size wp-block-paragraph\">Paralelamente, el comportamiento de Estados Unidos se consolida como uno de los principales sostenes de la demanda global. Atravesado por una fase de retenci\u00f3n e hist\u00f3ricas bajas en su rodeo vacuno, el pa\u00eds norteamericano ha visto reducida su oferta interna, pasando de ser un fuerte competidor a posicionarse como un voraz importador de carne.<\/p>\n\n\n\n<p class=\"has-medium-font-size wp-block-paragraph\">EE. UU. est\u00e1 absorbiendo importantes vol\u00famenes de carne para la industria procesadora y el consumo directo, beneficiando a proveedores con acceso cuotificado o ventajas arancelarias, y compitiendo fuertemente con la demanda asi\u00e1tica. (En la foto, el primero desde la izquierda)<\/p>\n","protected":false},"excerpt":{"rendered":"<p>En di\u00e1logo con Leonardo Bolla para Radio Rural, Jes\u00fas Cruz, director de la revista especializada Eurocarne, analiz\u00f3 las profundas reconfiguraciones en el comercio internacional de prote\u00edna vacuna y el impacto de estas din\u00e1micas en los pa\u00edses proveedores del Cono Sur. Uno de los puntos centrales expuestos por el analista espa\u00f1ol es el endurecimiento de las [&hellip;]<\/p>\n","protected":false},"author":2,"featured_media":18920,"comment_status":"closed","ping_status":"open","sticky":false,"template":"","format":"standard","meta":{"_eb_attr":"","ocean_front_end_style_editor":"no","ocean_post_layout":"","ocean_both_sidebars_style":"","ocean_both_sidebars_content_width":0,"ocean_both_sidebars_sidebars_width":0,"ocean_sidebar":"","ocean_second_sidebar":"","ocean_disable_margins":"enable","ocean_add_body_class":"","ocean_shortcode_before_top_bar":"","ocean_shortcode_after_top_bar":"","ocean_shortcode_before_header":"","ocean_shortcode_after_header":"","ocean_has_shortcode":"","ocean_shortcode_after_title":"","ocean_shortcode_before_footer_widgets":"","ocean_shortcode_after_footer_widgets":"","ocean_shortcode_before_footer_bottom":"","ocean_shortcode_after_footer_bottom":"","ocean_display_top_bar":"default","ocean_display_header":"default","ocean_header_style":"","ocean_center_header_left_menu":"","ocean_custom_header_template":"","ocean_custom_logo":0,"ocean_custom_retina_logo":0,"ocean_custom_logo_max_width":0,"ocean_custom_logo_tablet_max_width":0,"ocean_custom_logo_mobile_max_width":0,"ocean_custom_logo_max_height":0,"ocean_custom_logo_tablet_max_height":0,"ocean_custom_logo_mobile_max_height":0,"ocean_header_custom_menu":"","ocean_menu_typo_font_family":"","ocean_menu_typo_font_subset":"","ocean_menu_typo_font_size":0,"ocean_menu_typo_font_size_tablet":0,"ocean_menu_typo_font_size_mobile":0,"ocean_menu_typo_font_size_unit":"px","ocean_menu_typo_font_weight":"","ocean_menu_typo_font_weight_tablet":"","ocean_menu_typo_font_weight_mobile":"","ocean_menu_typo_transform":"","ocean_menu_typo_transform_tablet":"","ocean_menu_typo_transform_mobile":"","ocean_menu_typo_line_height":0,"ocean_menu_typo_line_height_tablet":0,"ocean_menu_typo_line_height_mobile":0,"ocean_menu_typo_line_height_unit":"","ocean_menu_typo_spacing":0,"ocean_menu_typo_spacing_tablet":0,"ocean_menu_typo_spacing_mobile":0,"ocean_menu_typo_spacing_unit":"","ocean_menu_link_color":"","ocean_menu_link_color_hover":"","ocean_menu_link_color_active":"","ocean_menu_link_background":"","ocean_menu_link_hover_background":"","ocean_menu_link_active_background":"","ocean_menu_social_links_bg":"","ocean_menu_social_hover_links_bg":"","ocean_menu_social_links_color":"","ocean_menu_social_hover_links_color":"","ocean_disable_title":"default","ocean_disable_heading":"default","ocean_post_title":"","ocean_post_subheading":"","ocean_post_title_style":"","ocean_post_title_background_color":"","ocean_post_title_background":0,"ocean_post_title_bg_image_position":"","ocean_post_title_bg_image_attachment":"","ocean_post_title_bg_image_repeat":"","ocean_post_title_bg_image_size":"","ocean_post_title_height":0,"ocean_post_title_bg_overlay":0.5,"ocean_post_title_bg_overlay_color":"","ocean_disable_breadcrumbs":"default","ocean_breadcrumbs_color":"","ocean_breadcrumbs_separator_color":"","ocean_breadcrumbs_links_color":"","ocean_breadcrumbs_links_hover_color":"","ocean_display_footer_widgets":"default","ocean_display_footer_bottom":"default","ocean_custom_footer_template":"","ocean_post_oembed":"","ocean_post_self_hosted_media":"","ocean_post_video_embed":"","ocean_link_format":"","ocean_link_format_target":"self","ocean_quote_format":"","ocean_quote_format_link":"post","ocean_gallery_link_images":"on","ocean_gallery_id":[],"footnotes":""},"categories":[38],"tags":[46],"class_list":["post-18918","post","type-post","status-publish","format-standard","has-post-thumbnail","hentry","category-mercados","tag-b","entry","has-media"],"featured_image_urls":{"full":["https:\/\/agromedios.com\/new\/wp-content\/uploads\/2026\/09\/En-IFFA-2025-conoci-a-Jesus-Cruz-director-de-Eurocarne-un-destacado-periodista-del-sector-agroalimentario.jpeg",1600,1071,false],"thumbnail":["https:\/\/agromedios.com\/new\/wp-content\/uploads\/2026\/09\/En-IFFA-2025-conoci-a-Jesus-Cruz-director-de-Eurocarne-un-destacado-periodista-del-sector-agroalimentario-150x150.jpeg",150,150,true],"medium":["https:\/\/agromedios.com\/new\/wp-content\/uploads\/2026\/09\/En-IFFA-2025-conoci-a-Jesus-Cruz-director-de-Eurocarne-un-destacado-periodista-del-sector-agroalimentario-300x201.jpeg",300,201,true],"medium_large":["https:\/\/agromedios.com\/new\/wp-content\/uploads\/2026\/09\/En-IFFA-2025-conoci-a-Jesus-Cruz-director-de-Eurocarne-un-destacado-periodista-del-sector-agroalimentario-768x514.jpeg",768,514,true],"large":["https:\/\/agromedios.com\/new\/wp-content\/uploads\/2026\/09\/En-IFFA-2025-conoci-a-Jesus-Cruz-director-de-Eurocarne-un-destacado-periodista-del-sector-agroalimentario-1024x685.jpeg",1024,685,true],"1536x1536":["https:\/\/agromedios.com\/new\/wp-content\/uploads\/2026\/09\/En-IFFA-2025-conoci-a-Jesus-Cruz-director-de-Eurocarne-un-destacado-periodista-del-sector-agroalimentario-1536x1028.jpeg",1536,1028,true],"2048x2048":["https:\/\/agromedios.com\/new\/wp-content\/uploads\/2026\/09\/En-IFFA-2025-conoci-a-Jesus-Cruz-director-de-Eurocarne-un-destacado-periodista-del-sector-agroalimentario.jpeg",1600,1071,false],"ocean-thumb-m":["https:\/\/agromedios.com\/new\/wp-content\/uploads\/2026\/09\/En-IFFA-2025-conoci-a-Jesus-Cruz-director-de-Eurocarne-un-destacado-periodista-del-sector-agroalimentario-600x600.jpeg",600,600,true],"ocean-thumb-ml":["https:\/\/agromedios.com\/new\/wp-content\/uploads\/2026\/09\/En-IFFA-2025-conoci-a-Jesus-Cruz-director-de-Eurocarne-un-destacado-periodista-del-sector-agroalimentario-800x450.jpeg",800,450,true],"ocean-thumb-l":["https:\/\/agromedios.com\/new\/wp-content\/uploads\/2026\/09\/En-IFFA-2025-conoci-a-Jesus-Cruz-director-de-Eurocarne-un-destacado-periodista-del-sector-agroalimentario-1200x700.jpeg",1200,700,true]},"author_info":{"info":["Agromedios"]},"category_info":"<a href=\"https:\/\/agromedios.com\/new\/category\/mercados\/\" rel=\"category tag\">Mercados<\/a>","tag_info":"Mercados","comment_count":"0","_links":{"self":[{"href":"https:\/\/agromedios.com\/new\/wp-json\/wp\/v2\/posts\/18918","targetHints":{"allow":["GET"]}}],"collection":[{"href":"https:\/\/agromedios.com\/new\/wp-json\/wp\/v2\/posts"}],"about":[{"href":"https:\/\/agromedios.com\/new\/wp-json\/wp\/v2\/types\/post"}],"author":[{"embeddable":true,"href":"https:\/\/agromedios.com\/new\/wp-json\/wp\/v2\/users\/2"}],"replies":[{"embeddable":true,"href":"https:\/\/agromedios.com\/new\/wp-json\/wp\/v2\/comments?post=18918"}],"version-history":[{"count":1,"href":"https:\/\/agromedios.com\/new\/wp-json\/wp\/v2\/posts\/18918\/revisions"}],"predecessor-version":[{"id":18923,"href":"https:\/\/agromedios.com\/new\/wp-json\/wp\/v2\/posts\/18918\/revisions\/18923"}],"wp:featuredmedia":[{"embeddable":true,"href":"https:\/\/agromedios.com\/new\/wp-json\/wp\/v2\/media\/18920"}],"wp:attachment":[{"href":"https:\/\/agromedios.com\/new\/wp-json\/wp\/v2\/media?parent=18918"}],"wp:term":[{"taxonomy":"category","embeddable":true,"href":"https:\/\/agromedios.com\/new\/wp-json\/wp\/v2\/categories?post=18918"},{"taxonomy":"post_tag","embeddable":true,"href":"https:\/\/agromedios.com\/new\/wp-json\/wp\/v2\/tags?post=18918"}],"curies":[{"name":"wp","href":"https:\/\/api.w.org\/{rel}","templated":true}]}}