{"id":18975,"date":"2026-09-05T13:35:35","date_gmt":"2026-09-05T16:35:35","guid":{"rendered":"https:\/\/agromedios.com\/new\/?p=18975"},"modified":"2026-09-05T13:40:52","modified_gmt":"2026-09-05T16:40:52","slug":"alerta-en-tacuarembo-advierten-sobre-el-severo-impacto-economico-por-la-crisis-frigorifica","status":"publish","type":"post","link":"https:\/\/agromedios.com\/new\/alerta-en-tacuarembo-advierten-sobre-el-severo-impacto-economico-por-la-crisis-frigorifica\/","title":{"rendered":"Alerta en Tacuaremb\u00f3: advierten sobre el severo impacto econ\u00f3mico por la crisis frigor\u00edfica"},"content":{"rendered":"\n<figure class=\"wp-block-audio\"><audio controls src=\"https:\/\/agromedios.com\/new\/wp-content\/uploads\/2026\/09\/Fede-Silva.mp3\" autoplay><\/audio><\/figure>\n\n\n\n<p class=\"wp-block-paragraph\"><\/p>\n\n\n\n<p class=\"has-medium-font-size wp-block-paragraph\">La econom\u00eda del departamento de Tacuaremb\u00f3 se encuentra en un punto cr\u00edtico tras las recientes complicaciones en el sector c\u00e1rnico local. Frente a este panorama, el diputado suplente por el Partido Colorado, Federico Silva, encendi\u00f3 las alarmas e hizo un llamado urgente a las autoridades nacionales y locales para evaluar medidas de contenci\u00f3n para los trabajadores y comercios afectados.<\/p>\n\n\n\n<p class=\"has-medium-font-size wp-block-paragraph\">La industria frigor\u00edfica constituye uno de los principales motores generadores de empleo directo e indirecto en la regi\u00f3n. El freno o reducci\u00f3n de la actividad en las plantas no solo afecta a las cientos de familias que dependen directamente de la industria c\u00e1rnica, sino que produce un \u00abefecto domin\u00f3\u00bb inmediato en la cadena de suministros, el transporte, el servicio de fletes y el comercio minorista de todo el departamento.<em> (Foto Gentileza de Palenque Agropecuario)<\/em><\/p>\n\n\n\n<blockquote class=\"wp-block-quote is-layout-flow wp-block-quote-is-layout-flow\">\n<p class=\"wp-block-paragraph\"><\/p>\n<\/blockquote>\n","protected":false},"excerpt":{"rendered":"<p>La econom\u00eda del departamento de Tacuaremb\u00f3 se encuentra en un punto cr\u00edtico tras las recientes complicaciones en el sector c\u00e1rnico local. Frente a este panorama, el diputado suplente por el Partido Colorado, Federico Silva, encendi\u00f3 las alarmas e hizo un llamado urgente a las autoridades nacionales y locales para evaluar medidas de contenci\u00f3n para los [&hellip;]<\/p>\n","protected":false},"author":2,"featured_media":18977,"comment_status":"closed","ping_status":"open","sticky":false,"template":"","format":"standard","meta":{"_eb_attr":"","ocean_front_end_style_editor":"no","ocean_post_layout":"","ocean_both_sidebars_style":"","ocean_both_sidebars_content_width":0,"ocean_both_sidebars_sidebars_width":0,"ocean_sidebar":"","ocean_second_sidebar":"","ocean_disable_margins":"enable","ocean_add_body_class":"","ocean_shortcode_before_top_bar":"","ocean_shortcode_after_top_bar":"","ocean_shortcode_before_header":"","ocean_shortcode_after_header":"","ocean_has_shortcode":"","ocean_shortcode_after_title":"","ocean_shortcode_before_footer_widgets":"","ocean_shortcode_after_footer_widgets":"","ocean_shortcode_before_footer_bottom":"","ocean_shortcode_after_footer_bottom":"","ocean_display_top_bar":"default","ocean_display_header":"default","ocean_header_style":"","ocean_center_header_left_menu":"","ocean_custom_header_template":"","ocean_custom_logo":0,"ocean_custom_retina_logo":0,"ocean_custom_logo_max_width":0,"ocean_custom_logo_tablet_max_width":0,"ocean_custom_logo_mobile_max_width":0,"ocean_custom_logo_max_height":0,"ocean_custom_logo_tablet_max_height":0,"ocean_custom_logo_mobile_max_height":0,"ocean_header_custom_menu":"","ocean_menu_typo_font_family":"","ocean_menu_typo_font_subset":"","ocean_menu_typo_font_size":0,"ocean_menu_typo_font_size_tablet":0,"ocean_menu_typo_font_size_mobile":0,"ocean_menu_typo_font_size_unit":"px","ocean_menu_typo_font_weight":"","ocean_menu_typo_font_weight_tablet":"","ocean_menu_typo_font_weight_mobile":"","ocean_menu_typo_transform":"","ocean_menu_typo_transform_tablet":"","ocean_menu_typo_transform_mobile":"","ocean_menu_typo_line_height":0,"ocean_menu_typo_line_height_tablet":0,"ocean_menu_typo_line_height_mobile":0,"ocean_menu_typo_line_height_unit":"","ocean_menu_typo_spacing":0,"ocean_menu_typo_spacing_tablet":0,"ocean_menu_typo_spacing_mobile":0,"ocean_menu_typo_spacing_unit":"","ocean_menu_link_color":"","ocean_menu_link_color_hover":"","ocean_menu_link_color_active":"","ocean_menu_link_background":"","ocean_menu_link_hover_background":"","ocean_menu_link_active_background":"","ocean_menu_social_links_bg":"","ocean_menu_social_hover_links_bg":"","ocean_menu_social_links_color":"","ocean_menu_social_hover_links_color":"","ocean_disable_title":"default","ocean_disable_heading":"default","ocean_post_title":"","ocean_post_subheading":"","ocean_post_title_style":"","ocean_post_title_background_color":"","ocean_post_title_background":0,"ocean_post_title_bg_image_position":"","ocean_post_title_bg_image_attachment":"","ocean_post_title_bg_image_repeat":"","ocean_post_title_bg_image_size":"","ocean_post_title_height":0,"ocean_post_title_bg_overlay":0.5,"ocean_post_title_bg_overlay_color":"","ocean_disable_breadcrumbs":"default","ocean_breadcrumbs_color":"","ocean_breadcrumbs_separator_color":"","ocean_breadcrumbs_links_color":"","ocean_breadcrumbs_links_hover_color":"","ocean_display_footer_widgets":"default","ocean_display_footer_bottom":"default","ocean_custom_footer_template":"","ocean_post_oembed":"","ocean_post_self_hosted_media":"","ocean_post_video_embed":"","ocean_link_format":"","ocean_link_format_target":"self","ocean_quote_format":"","ocean_quote_format_link":"post","ocean_gallery_link_images":"on","ocean_gallery_id":[],"footnotes":""},"categories":[8],"tags":[46],"class_list":["post-18975","post","type-post","status-publish","format-standard","has-post-thumbnail","hentry","category-economia","tag-b","entry","has-media"],"featured_image_urls":{"full":["https:\/\/agromedios.com\/new\/wp-content\/uploads\/2026\/09\/foto-federico-silva.jpg",960,540,false],"thumbnail":["https:\/\/agromedios.com\/new\/wp-content\/uploads\/2026\/09\/foto-federico-silva-150x150.jpg",150,150,true],"medium":["https:\/\/agromedios.com\/new\/wp-content\/uploads\/2026\/09\/foto-federico-silva-300x169.jpg",300,169,true],"medium_large":["https:\/\/agromedios.com\/new\/wp-content\/uploads\/2026\/09\/foto-federico-silva-768x432.jpg",768,432,true],"large":["https:\/\/agromedios.com\/new\/wp-content\/uploads\/2026\/09\/foto-federico-silva.jpg",960,540,false],"1536x1536":["https:\/\/agromedios.com\/new\/wp-content\/uploads\/2026\/09\/foto-federico-silva.jpg",960,540,false],"2048x2048":["https:\/\/agromedios.com\/new\/wp-content\/uploads\/2026\/09\/foto-federico-silva.jpg",960,540,false],"ocean-thumb-m":["https:\/\/agromedios.com\/new\/wp-content\/uploads\/2026\/09\/foto-federico-silva-600x540.jpg",600,540,true],"ocean-thumb-ml":["https:\/\/agromedios.com\/new\/wp-content\/uploads\/2026\/09\/foto-federico-silva-800x450.jpg",800,450,true],"ocean-thumb-l":["https:\/\/agromedios.com\/new\/wp-content\/uploads\/2026\/09\/foto-federico-silva.jpg",960,540,false]},"author_info":{"info":["Agromedios"]},"category_info":"<a href=\"https:\/\/agromedios.com\/new\/category\/economia\/\" rel=\"category tag\">Econom\u00eda<\/a>","tag_info":"Econom\u00eda","comment_count":"0","_links":{"self":[{"href":"https:\/\/agromedios.com\/new\/wp-json\/wp\/v2\/posts\/18975","targetHints":{"allow":["GET"]}}],"collection":[{"href":"https:\/\/agromedios.com\/new\/wp-json\/wp\/v2\/posts"}],"about":[{"href":"https:\/\/agromedios.com\/new\/wp-json\/wp\/v2\/types\/post"}],"author":[{"embeddable":true,"href":"https:\/\/agromedios.com\/new\/wp-json\/wp\/v2\/users\/2"}],"replies":[{"embeddable":true,"href":"https:\/\/agromedios.com\/new\/wp-json\/wp\/v2\/comments?post=18975"}],"version-history":[{"count":2,"href":"https:\/\/agromedios.com\/new\/wp-json\/wp\/v2\/posts\/18975\/revisions"}],"predecessor-version":[{"id":18983,"href":"https:\/\/agromedios.com\/new\/wp-json\/wp\/v2\/posts\/18975\/revisions\/18983"}],"wp:featuredmedia":[{"embeddable":true,"href":"https:\/\/agromedios.com\/new\/wp-json\/wp\/v2\/media\/18977"}],"wp:attachment":[{"href":"https:\/\/agromedios.com\/new\/wp-json\/wp\/v2\/media?parent=18975"}],"wp:term":[{"taxonomy":"category","embeddable":true,"href":"https:\/\/agromedios.com\/new\/wp-json\/wp\/v2\/categories?post=18975"},{"taxonomy":"post_tag","embeddable":true,"href":"https:\/\/agromedios.com\/new\/wp-json\/wp\/v2\/tags?post=18975"}],"curies":[{"name":"wp","href":"https:\/\/api.w.org\/{rel}","templated":true}]}}